{"id":23,"date":"2023-10-12T21:21:00","date_gmt":"2023-10-12T19:21:00","guid":{"rendered":"http:\/\/institucional.us.es\/nextrom\/?p=23"},"modified":"2024-10-24T21:21:28","modified_gmt":"2024-10-24T19:21:28","slug":"impulsando-el-proyecto-nextrom","status":"publish","type":"post","link":"https:\/\/institucional.us.es\/nextrom\/impulsando-el-proyecto-nextrom\/","title":{"rendered":"Impulsando el proyecto NextRom"},"content":{"rendered":"\n<p>En el mundo actual, la transformaci\u00f3n digital ha influido cada aspecto de nuestro d\u00eda a d\u00eda, desde la forma en que hacemos tr\u00e1mites hasta c\u00f3mo nos relacionamos con los dem\u00e1s. Esta realidad no es ajena al Pueblo Gitano, quien est\u00e1 gestando importantes reflexiones sobre c\u00f3mo adaptarnos y aprovechar estas nuevas oportunidades.<\/p>\n\n\n\n<p>El pasado 9 de octubre de 2023, en Madrid, se llev\u00f3 a cabo una reuni\u00f3n h\u00edbrida entre los <a href=\"http:\/\/institucional.us.es\/nextrom\/quienes-somos\/\" data-type=\"page\" data-id=\"19\">colaboradores y colaboradoras del proyecto NEXTROM<\/a>, donde se discutieron aspectos clave relacionados con la digitalizaci\u00f3n y su impacto en las <em>nuevas generaciones gitanas<\/em>, enmarcados en la pregunta que termina siendo el esqueleto de este proyecto:<\/p>\n\n\n\n<figure class=\"wp-block-pullquote\"><blockquote><p><em> \u00bfQu\u00e9 futuro queremos para nuestros barrios y c\u00f3mo podemos alcanzarlo?<\/em><\/p><\/blockquote><\/figure>\n\n\n\n<p>Surgieron otros temas fundamentales, como la necesidad de garantizar que la transici\u00f3n digital promueva la igualdad, la inclusi\u00f3n y la participaci\u00f3n. Tambi\u00e9n se abord\u00f3 la importancia de no limitarse al acceso digital, sino de fomentar la capacitaci\u00f3n en habilidades digitales y encuentros intergeneracionales para favorecer el aprendizaje. Una preocupaci\u00f3n recurrente para los\/as participantes de esta reuni\u00f3n fue el riesgo de que la digitalizaci\u00f3n amplifique las desigualdades existentes, especialmente para la poblaci\u00f3n Gitana, y el papel de las redes sociales en la lucha contra el antigitanismo.<\/p>\n\n\n\n<p>Queda claro que el desaf\u00edo digital es tambi\u00e9n una oportunidad para fortalecer a las comunidades gitanas y garantizar un futuro m\u00e1s justo: uno dise\u00f1ado <strong><em>por<\/em><\/strong> y <strong><em>para<\/em><\/strong> el Pueblo Gitano.<\/p>\n","protected":false},"excerpt":{"rendered":"<p>En el mundo actual, la transformaci\u00f3n digital ha influido cada aspecto de nuestro d\u00eda a d\u00eda, desde la forma en que hacemos tr\u00e1mites hasta c\u00f3mo nos relacionamos con los dem\u00e1s. Esta realidad no es ajena al Pueblo Gitano, quien est\u00e1 gestando importantes reflexiones sobre c\u00f3mo adaptarnos y aprovechar estas nuevas oportunidades. El pasado 9 de&#8230;<\/p>\n","protected":false},"author":1,"featured_media":24,"comment_status":"open","ping_status":"open","sticky":false,"template":"","format":"standard","meta":{"_editorskit_title_hidden":false,"_editorskit_reading_time":0,"_editorskit_is_block_options_detached":false,"_editorskit_block_options_position":"{}","_uag_custom_page_level_css":"","_kad_post_transparent":"","_kad_post_title":"","_kad_post_layout":"","_kad_post_sidebar_id":"","_kad_post_content_style":"","_kad_post_vertical_padding":"","_kad_post_feature":"","_kad_post_feature_position":"","_kad_post_header":false,"_kad_post_footer":false,"footnotes":""},"categories":[2],"tags":[],"class_list":["post-23","post","type-post","status-publish","format-standard","has-post-thumbnail","hentry","category-noticias"],"uagb_featured_image_src":{"full":["https:\/\/institucional.us.es\/nextrom\/wp-content\/uploads\/2024\/10\/Reunion-en-Madrid.jpeg",1024,768,false],"thumbnail":["https:\/\/institucional.us.es\/nextrom\/wp-content\/uploads\/2024\/10\/Reunion-en-Madrid-300x300.jpeg",300,300,true],"medium":["https:\/\/institucional.us.es\/nextrom\/wp-content\/uploads\/2024\/10\/Reunion-en-Madrid-600x450.jpeg",600,450,true],"medium_large":["https:\/\/institucional.us.es\/nextrom\/wp-content\/uploads\/2024\/10\/Reunion-en-Madrid-768x576.jpeg",768,576,true],"large":["https:\/\/institucional.us.es\/nextrom\/wp-content\/uploads\/2024\/10\/Reunion-en-Madrid.jpeg",1024,768,false],"1536x1536":["https:\/\/institucional.us.es\/nextrom\/wp-content\/uploads\/2024\/10\/Reunion-en-Madrid.jpeg",1024,768,false],"2048x2048":["https:\/\/institucional.us.es\/nextrom\/wp-content\/uploads\/2024\/10\/Reunion-en-Madrid.jpeg",1024,768,false]},"uagb_author_info":{"display_name":"nextrom","author_link":"https:\/\/institucional.us.es\/nextrom\/author\/nextrom\/"},"uagb_comment_info":0,"uagb_excerpt":"En el mundo actual, la transformaci\u00f3n digital ha influido cada aspecto de nuestro d\u00eda a d\u00eda, desde la forma en que hacemos tr\u00e1mites hasta c\u00f3mo nos relacionamos con los dem\u00e1s. Esta realidad no es ajena al Pueblo Gitano, quien est\u00e1 gestando importantes reflexiones sobre c\u00f3mo adaptarnos y aprovechar estas nuevas oportunidades. El pasado 9 de...","_links":{"self":[{"href":"https:\/\/institucional.us.es\/nextrom\/wp-json\/wp\/v2\/posts\/23","targetHints":{"allow":["GET"]}}],"collection":[{"href":"https:\/\/institucional.us.es\/nextrom\/wp-json\/wp\/v2\/posts"}],"about":[{"href":"https:\/\/institucional.us.es\/nextrom\/wp-json\/wp\/v2\/types\/post"}],"author":[{"embeddable":true,"href":"https:\/\/institucional.us.es\/nextrom\/wp-json\/wp\/v2\/users\/1"}],"replies":[{"embeddable":true,"href":"https:\/\/institucional.us.es\/nextrom\/wp-json\/wp\/v2\/comments?post=23"}],"version-history":[{"count":5,"href":"https:\/\/institucional.us.es\/nextrom\/wp-json\/wp\/v2\/posts\/23\/revisions"}],"predecessor-version":[{"id":81,"href":"https:\/\/institucional.us.es\/nextrom\/wp-json\/wp\/v2\/posts\/23\/revisions\/81"}],"wp:featuredmedia":[{"embeddable":true,"href":"https:\/\/institucional.us.es\/nextrom\/wp-json\/wp\/v2\/media\/24"}],"wp:attachment":[{"href":"https:\/\/institucional.us.es\/nextrom\/wp-json\/wp\/v2\/media?parent=23"}],"wp:term":[{"taxonomy":"category","embeddable":true,"href":"https:\/\/institucional.us.es\/nextrom\/wp-json\/wp\/v2\/categories?post=23"},{"taxonomy":"post_tag","embeddable":true,"href":"https:\/\/institucional.us.es\/nextrom\/wp-json\/wp\/v2\/tags?post=23"}],"curies":[{"name":"wp","href":"https:\/\/api.w.org\/{rel}","templated":true}]}}